{"id":867,"date":"2025-11-25T16:04:06","date_gmt":"2025-11-25T14:04:06","guid":{"rendered":"https:\/\/ensihoitoalanliitto.fi\/?p=867"},"modified":"2025-11-25T16:04:07","modified_gmt":"2025-11-25T14:04:07","slug":"pro-janne-lindstrom-palkinto-2025","status":"publish","type":"post","link":"https:\/\/ensihoitoalanliitto.fi\/?p=867","title":{"rendered":"Pro Janne Lindstr\u00f6m palkinto 2025"},"content":{"rendered":"\n<p>Janne \u201dLimppu\u201d Lindstr\u00f6m kuoli ty\u00f6vuorossa ty\u00f6skennelless\u00e4\u00e4n Lapin L\u00e4\u00e4kint\u00e4helikopterissa FinnHEMS 51:ss\u00e4 28.12 2018.&nbsp;<\/p>\n\n\n\n<p>Ty\u00f6yhteis\u00f6n j\u00e4senet hakivat Jannelle postuumisti vuoden ensihoitaja tunnustusta.&nbsp;<\/p>\n\n\n\n<p>Vuoden ensihoitaja tunnustusta ei voida my\u00f6nt\u00e4\u00e4 kuolleelle henkil\u00f6lle, mutta Jannen uraa haluttiin kunnioittaa SEHL:n toimesta my\u00f6nt\u00e4m\u00e4ll\u00e4 uusi palkinto niiden asioiden perusteella, joiden kehitt\u00e4misen eteen Janne teki t\u00f6it\u00e4 oman ty\u00f6uransa aikana ja mitk\u00e4 olivat h\u00e4nelle t\u00e4rkeit\u00e4.&nbsp;<\/p>\n\n\n\n<p>Jannen intohimo oli ensihoito ja ennen kaikkea opiskelijoiden opettaminen suurella syd\u00e4mell\u00e4.&nbsp;<\/p>\n\n\n\n<p>Hyvin kuvaavaa Jannen intohimoisesta suhtautumisesta ensihoitoon oli ensihoitaja opiskelijoiden opettaminen. Tunnin aiheena oli lapsi potilaiden tutkimista ja hoitamista. Jannen mielest\u00e4 koululla ei ollut tarpeeksi hyvi\u00e4 lapsi simulaatio nukkeja, jotta opetus olisi laadukasta. Janne ratkaisi ongelman Limppumaiseen tyyliin ja otti n. vuoden ik\u00e4iset kaksois poikansa mukaan kouluun ja opiskelijat saivat harjoitella oikeilla lapsilla miten pikku potilaita tutkitaan ja hoidetaan.&nbsp;<\/p>\n\n\n\n<p>Vuoden 2025 Pro Janne Lindstr\u00f6m palkinnon saajat LABlanssi-hanke on juuri sellainen, mink\u00e4 Janne olisi itse toteuttanut, jos olisi yht\u00e4 hienon idean keksinyt.&nbsp;<\/p>\n\n\n\n<p>Ensihoidon opiskelijat p\u00e4\u00e4sev\u00e4t turvallisessa ymp\u00e4rist\u00f6ss\u00e4 ensihoidon opettajan ja kokeneen ensihoitajan kanssa kent\u00e4lle tekem\u00e4\u00e4n sit\u00e4 ty\u00f6t\u00e4 kent\u00e4ll\u00e4, mit\u00e4 he tulevaisuudessa tekev\u00e4t itsen\u00e4isesti ty\u00f6parinsa kanssa.&nbsp;<\/p>\n\n\n\n<p>SEHL onnittelee kaikkia hankkeeseen osallistuneita<\/p>\n","protected":false},"excerpt":{"rendered":"<p>Janne \u201dLimppu\u201d Lindstr\u00f6m kuoli ty\u00f6vuorossa ty\u00f6skennelless\u00e4\u00e4n Lapin L\u00e4\u00e4kint\u00e4helikopterissa FinnHEMS 51:ss\u00e4 28.12 2018.&nbsp; Ty\u00f6yhteis\u00f6n j\u00e4senet hakivat Jannelle postuumisti vuoden ensihoitaja tunnustusta.&nbsp; [&hellip;]<\/p>\n","protected":false},"author":1,"featured_media":0,"comment_status":"closed","ping_status":"closed","sticky":false,"template":"","format":"standard","meta":{"site-sidebar-layout":"default","site-content-layout":"","ast-site-content-layout":"default","site-content-style":"default","site-sidebar-style":"default","ast-global-header-display":"","ast-banner-title-visibility":"","ast-main-header-display":"","ast-hfb-above-header-display":"","ast-hfb-below-header-display":"","ast-hfb-mobile-header-display":"","site-post-title":"","ast-breadcrumbs-content":"","ast-featured-img":"","footer-sml-layout":"","ast-disable-related-posts":"","theme-transparent-header-meta":"","adv-header-id-meta":"","stick-header-meta":"","header-above-stick-meta":"","header-main-stick-meta":"","header-below-stick-meta":"","astra-migrate-meta-layouts":"default","ast-page-background-enabled":"default","ast-page-background-meta":{"desktop":{"background-color":"var(--ast-global-color-5)","background-image":"","background-repeat":"repeat","background-position":"center center","background-size":"auto","background-attachment":"scroll","background-type":"","background-media":"","overlay-type":"","overlay-color":"","overlay-opacity":"","overlay-gradient":""},"tablet":{"background-color":"","background-image":"","background-repeat":"repeat","background-position":"center center","background-size":"auto","background-attachment":"scroll","background-type":"","background-media":"","overlay-type":"","overlay-color":"","overlay-opacity":"","overlay-gradient":""},"mobile":{"background-color":"","background-image":"","background-repeat":"repeat","background-position":"center center","background-size":"auto","background-attachment":"scroll","background-type":"","background-media":"","overlay-type":"","overlay-color":"","overlay-opacity":"","overlay-gradient":""}},"ast-content-background-meta":{"desktop":{"background-color":"var(--ast-global-color-4)","background-image":"","background-repeat":"repeat","background-position":"center center","background-size":"auto","background-attachment":"scroll","background-type":"","background-media":"","overlay-type":"","overlay-color":"","overlay-opacity":"","overlay-gradient":""},"tablet":{"background-color":"var(--ast-global-color-4)","background-image":"","background-repeat":"repeat","background-position":"center center","background-size":"auto","background-attachment":"scroll","background-type":"","background-media":"","overlay-type":"","overlay-color":"","overlay-opacity":"","overlay-gradient":""},"mobile":{"background-color":"var(--ast-global-color-4)","background-image":"","background-repeat":"repeat","background-position":"center center","background-size":"auto","background-attachment":"scroll","background-type":"","background-media":"","overlay-type":"","overlay-color":"","overlay-opacity":"","overlay-gradient":""}},"footnotes":""},"categories":[1],"tags":[],"class_list":["post-867","post","type-post","status-publish","format-standard","hentry","category-uncategorized"],"_links":{"self":[{"href":"https:\/\/ensihoitoalanliitto.fi\/index.php?rest_route=\/wp\/v2\/posts\/867","targetHints":{"allow":["GET"]}}],"collection":[{"href":"https:\/\/ensihoitoalanliitto.fi\/index.php?rest_route=\/wp\/v2\/posts"}],"about":[{"href":"https:\/\/ensihoitoalanliitto.fi\/index.php?rest_route=\/wp\/v2\/types\/post"}],"author":[{"embeddable":true,"href":"https:\/\/ensihoitoalanliitto.fi\/index.php?rest_route=\/wp\/v2\/users\/1"}],"replies":[{"embeddable":true,"href":"https:\/\/ensihoitoalanliitto.fi\/index.php?rest_route=%2Fwp%2Fv2%2Fcomments&post=867"}],"version-history":[{"count":1,"href":"https:\/\/ensihoitoalanliitto.fi\/index.php?rest_route=\/wp\/v2\/posts\/867\/revisions"}],"predecessor-version":[{"id":868,"href":"https:\/\/ensihoitoalanliitto.fi\/index.php?rest_route=\/wp\/v2\/posts\/867\/revisions\/868"}],"wp:attachment":[{"href":"https:\/\/ensihoitoalanliitto.fi\/index.php?rest_route=%2Fwp%2Fv2%2Fmedia&parent=867"}],"wp:term":[{"taxonomy":"category","embeddable":true,"href":"https:\/\/ensihoitoalanliitto.fi\/index.php?rest_route=%2Fwp%2Fv2%2Fcategories&post=867"},{"taxonomy":"post_tag","embeddable":true,"href":"https:\/\/ensihoitoalanliitto.fi\/index.php?rest_route=%2Fwp%2Fv2%2Ftags&post=867"}],"curies":[{"name":"wp","href":"https:\/\/api.w.org\/{rel}","templated":true}]}}